{"id":101,"date":"2021-07-06T11:11:16","date_gmt":"2021-07-06T09:11:16","guid":{"rendered":"http:\/\/uhlenmeer.phrasenreiter.de\/?p=101"},"modified":"2021-08-13T10:42:41","modified_gmt":"2021-08-13T08:42:41","slug":"park-der-gaerten","status":"publish","type":"post","link":"https:\/\/ferien-am-uhlenmeer.de\/index.php\/2021\/07\/06\/park-der-gaerten\/","title":{"rendered":"Park der G\u00e4rten"},"content":{"rendered":"\n<p>In Rostrup, einem kleinen Ort bei Bad Zwischenahn, ebenso am Zwischenahner Meer gelegen, befindet sich der Park der G\u00e4rten. Die Mustergartenanlage ist 14 ha gro\u00df und bietet mehr als 90 eigenst\u00e4ndige Bereiche wie Themeng\u00e4rten, Pflanzensortimente und Lehrpfade.  Zudem gibt es abenteuerliche Spielpl\u00e4tze zum Klettern, einen gro\u00dfen Wasserspielplatz mit Kan\u00e4len und Stauw\u00e4nden, einer Gastronomie und vor allem ganz viel Natur. Der Park der G\u00e4rten bietet jedes Jahr ein qualitativ hochwertiges Programm an Veranstaltungen an. Darunter sind Konzerte aber auch Thementage. Urspr\u00fcnglich ist der Park der G\u00e4rten aus dem Gel\u00e4nde der ersten nieders\u00e4chsischen Landesgartenschau (2002) entstanden. Heute ist er ein beliebter Ort f\u00fcr gro\u00dfe und kleine Besucher.<\/p>\n\n\n\n<p><a href=\"http:\/\/www.park-der-gaerten.de\" data-type=\"URL\" data-id=\"www.park-der-gaerten.de\">www.park-der-gaerten.de<\/a><\/p>\n","protected":false},"excerpt":{"rendered":"<p>In Rostrup, einem kleinen Ort bei Bad Zwischenahn, ebenso am Zwischenahner Meer gelegen, befindet sich der Park der G\u00e4rten. Die Mustergartenanlage ist 14 ha gro\u00df &hellip;<\/p>\n","protected":false},"author":2,"featured_media":102,"comment_status":"closed","ping_status":"open","sticky":false,"template":"","format":"standard","meta":[],"categories":[1],"tags":[],"_links":{"self":[{"href":"https:\/\/ferien-am-uhlenmeer.de\/index.php\/wp-json\/wp\/v2\/posts\/101"}],"collection":[{"href":"https:\/\/ferien-am-uhlenmeer.de\/index.php\/wp-json\/wp\/v2\/posts"}],"about":[{"href":"https:\/\/ferien-am-uhlenmeer.de\/index.php\/wp-json\/wp\/v2\/types\/post"}],"author":[{"embeddable":true,"href":"https:\/\/ferien-am-uhlenmeer.de\/index.php\/wp-json\/wp\/v2\/users\/2"}],"replies":[{"embeddable":true,"href":"https:\/\/ferien-am-uhlenmeer.de\/index.php\/wp-json\/wp\/v2\/comments?post=101"}],"version-history":[{"count":4,"href":"https:\/\/ferien-am-uhlenmeer.de\/index.php\/wp-json\/wp\/v2\/posts\/101\/revisions"}],"predecessor-version":[{"id":138,"href":"https:\/\/ferien-am-uhlenmeer.de\/index.php\/wp-json\/wp\/v2\/posts\/101\/revisions\/138"}],"wp:featuredmedia":[{"embeddable":true,"href":"https:\/\/ferien-am-uhlenmeer.de\/index.php\/wp-json\/wp\/v2\/media\/102"}],"wp:attachment":[{"href":"https:\/\/ferien-am-uhlenmeer.de\/index.php\/wp-json\/wp\/v2\/media?parent=101"}],"wp:term":[{"taxonomy":"category","embeddable":true,"href":"https:\/\/ferien-am-uhlenmeer.de\/index.php\/wp-json\/wp\/v2\/categories?post=101"},{"taxonomy":"post_tag","embeddable":true,"href":"https:\/\/ferien-am-uhlenmeer.de\/index.php\/wp-json\/wp\/v2\/tags?post=101"}],"curies":[{"name":"wp","href":"https:\/\/api.w.org\/{rel}","templated":true}]}}